{"id":710,"date":"2026-01-14T15:43:36","date_gmt":"2026-01-14T14:43:36","guid":{"rendered":"https:\/\/fondation.ieseg.fr\/?p=710"},"modified":"2026-02-17T11:48:01","modified_gmt":"2026-02-17T10:48:01","slug":"2026-new-years-eve-the-ieseg-foundation-celebrates-boldness-and-generosity","status":"publish","type":"post","link":"https:\/\/fondation.ieseg.fr\/en\/2026-new-years-eve-the-ieseg-foundation-celebrates-boldness-and-generosity\/","title":{"rendered":"2026 New Year&#8217;s Eve: the I\u00c9SEG Foundation celebrates boldness and generosity"},"content":{"rendered":"<p>On January 13th, the I\u00c9SEG Foundation brought together over 120 participants on the Paris-La D\u00e9fense campus for its annual New Year&#8217;s Eve event: donors, students, partners, and collaborators gathered to celebrate together the generosity and collective spirit that drive the I\u00c9SEG Foundation.<\/p>\n<h4><span data-ccp-props=\"{&quot;134233117&quot;:false,&quot;134233118&quot;:false,&quot;201341983&quot;:0,&quot;335559738&quot;:0,&quot;335559739&quot;:0,&quot;335559740&quot;:240}\">140 scholarships to support equal opportunities<\/span><\/h4>\n<p><span data-contrast=\"none\"><img loading=\"lazy\" class=\"size-medium wp-image-667 alignright\" src=\"https:\/\/fondation.ieseg.fr\/wp-content\/uploads\/sites\/16\/2025\/01\/13012026-RDDC0266-300x200.jpg\" alt=\"\" width=\"300\" height=\"200\" srcset=\"https:\/\/fondation.ieseg.fr\/wp-content\/uploads\/sites\/16\/2025\/01\/13012026-RDDC0266-300x200.jpg 300w, https:\/\/fondation.ieseg.fr\/wp-content\/uploads\/sites\/16\/2025\/01\/13012026-RDDC0266-1024x683.jpg 1024w, https:\/\/fondation.ieseg.fr\/wp-content\/uploads\/sites\/16\/2025\/01\/13012026-RDDC0266-768x512.jpg 768w, https:\/\/fondation.ieseg.fr\/wp-content\/uploads\/sites\/16\/2025\/01\/13012026-RDDC0266-1536x1024.jpg 1536w, https:\/\/fondation.ieseg.fr\/wp-content\/uploads\/sites\/16\/2025\/01\/13012026-RDDC0266-2048x1365.jpg 2048w\" sizes=\"(max-width: 300px) 100vw, 300px\" \/><span class=\"inline cursor-pointer rounded-sm transition-all duration-200 hover:bg-primary\/30 hover:ring-4 hover:ring-primary\/30\" data-state=\"closed\" data-slot=\"popover-trigger\">This new edition of the Vows allowed us to concretely measure everyone&#8217;s commitment through a tangible action:<strong> 140 &#8220;Equal Opportunity&#8221;<\/strong> scholarships were awarded by the I\u00c9SEG Foundation.<\/span> <span class=\"inline cursor-pointer rounded-sm transition-all duration-200 hover:bg-primary\/30 hover:ring-4 hover:ring-primary\/30\" data-state=\"closed\" data-slot=\"popover-trigger\">This achievement is made possible thanks to the loyal support of donors and sponsors.<\/span><\/p>\n<p><span class=\"inline cursor-pointer rounded-sm transition-all duration-200 hover:bg-primary\/30 hover:ring-4 hover:ring-primary\/30\" data-state=\"closed\" data-slot=\"popover-trigger\">COFIDIS, the first major sponsor of the I\u00c9SEG Foundation, <\/span><span class=\"inline cursor-pointer rounded-sm transition-all duration-200 hover:bg-primary\/30 hover:ring-4 hover:ring-primary\/30\" data-state=\"closed\" data-slot=\"popover-trigger\">has notably helped support <strong>55 students from Lille<\/strong> in continuing their studies.<\/span><br \/>\n<span class=\"inline cursor-pointer rounded-sm transition-all duration-200 hover:bg-primary\/30 hover:ring-4 hover:ring-primary\/30\" data-state=\"closed\" data-slot=\"popover-trigger\">The testimonies of Flore, Baptiste, and Noah, master\u2019s students, sincerely and emotionally illustrated the concrete impact of the scholarships on their journey: returning to studies, professional outlook, renewed ambitions.<\/span><br \/>\n<\/span><\/p>\n<h4>Roundtable, testimonials and highlights<\/h4>\n<blockquote><p>&#8220;<em>This evening was a significant moment for our Foundation<\/em>,&#8221; emphasizes Laure Quedillac, General Delegate of the I\u00c9SEG Foundation. &#8220;<em>We were fortunate to bring together Caroline Roussel, General Director of I\u00c9SEG and Chair of our Management Committee, Anne-Laure Thomas, Diversity, Equity, and Inclusion Director at L\u2019Or\u00e9al, Thibault Lobry, Employer Brand Manager at Cofidis Group, and H\u00e9na Javaid, Equal Opportunity Project Manager at I\u00c9SEG<\/em>.<\/p>\n<p><img loading=\"lazy\" class=\"size-medium wp-image-670 alignleft\" src=\"https:\/\/fondation.ieseg.fr\/wp-content\/uploads\/sites\/16\/2025\/01\/13012026-RDDC0177-300x200.jpg\" alt=\"\" width=\"300\" height=\"200\" srcset=\"https:\/\/fondation.ieseg.fr\/wp-content\/uploads\/sites\/16\/2025\/01\/13012026-RDDC0177-300x200.jpg 300w, https:\/\/fondation.ieseg.fr\/wp-content\/uploads\/sites\/16\/2025\/01\/13012026-RDDC0177-1024x683.jpg 1024w, https:\/\/fondation.ieseg.fr\/wp-content\/uploads\/sites\/16\/2025\/01\/13012026-RDDC0177-768x512.jpg 768w, https:\/\/fondation.ieseg.fr\/wp-content\/uploads\/sites\/16\/2025\/01\/13012026-RDDC0177-1536x1024.jpg 1536w, https:\/\/fondation.ieseg.fr\/wp-content\/uploads\/sites\/16\/2025\/01\/13012026-RDDC0177-2048x1365.jpg 2048w\" sizes=\"(max-width: 300px) 100vw, 300px\" \/><\/p>\n<p><em><span class=\"inline cursor-pointer rounded-sm transition-all duration-200 hover:bg-primary\/30 hover:ring-4 hover:ring-primary\/30\" data-state=\"closed\" data-slot=\"popover-trigger\">Together, we had constructive discussions on personal commitment, responsible governance, equal opportunities in higher education and business, as well as on inclusion programs and the social and solidarity economy.<\/span> <span class=\"inline cursor-pointer rounded-sm transition-all duration-200 hover:bg-primary\/30 hover:ring-4 hover:ring-primary\/30\" data-state=\"closed\" data-slot=\"popover-trigger\">These moments of sharing are valuable; they give meaning to our actions and strengthen our motivation every day.<\/span><\/em><\/p>\n<p><em>Our ambition is clear: to sustainably transform students&#8217; journeys through the support of a united and deeply committed community\u202f&#8221;<\/em><\/p><\/blockquote>\n<p><span class=\"inline cursor-pointer rounded-sm transition-all duration-200 hover:bg-primary\/30 hover:ring-4 hover:ring-primary\/30\" data-state=\"closed\" data-slot=\"popover-trigger\">Finally, the Student Federation was also present.<\/span> <span class=\"inline cursor-pointer rounded-sm transition-all duration-200 hover:bg-primary\/30 hover:ring-4 hover:ring-primary\/30\" data-state=\"closed\" data-slot=\"popover-trigger\">They handed over a check to the I\u00c9SEG Foundation thanks to their mobilization.<\/span> <span class=\"inline cursor-pointer rounded-sm transition-all duration-200 hover:bg-primary\/30 hover:ring-4 hover:ring-primary\/30\" data-state=\"closed\" data-slot=\"popover-trigger\">We warmly thank them.<\/span><\/p>\n<p>This evening of Wishes once again demonstrated the power of collective commitment around a common ambition: <strong>to enable every student to fully reveal their potential.<\/strong><\/p>\n","protected":false},"excerpt":{"rendered":"<p>On January 13th, the I\u00c9SEG Foundation brought together over 120 participants on the Paris-La D\u00e9fense campus for its annual New Year&#8217;s Eve event: donors, students, partners, and collaborators gathered to celebrate together the generosity and collective spirit that drive the I\u00c9SEG Foundation. 140 scholarships to support equal opportunities This new edition of the Vows allowed [&hellip;]<\/p>\n","protected":false},"author":4589,"featured_media":666,"comment_status":"open","ping_status":"open","sticky":false,"template":"","format":"standard","meta":[],"categories":[2],"tags":[],"yoast_head":"<!-- This site is optimized with the Yoast SEO plugin v19.2 - https:\/\/yoast.com\/wordpress\/plugins\/seo\/ -->\n<title>2026 New Year&#039;s Eve: the I\u00c9SEG Foundation celebrates boldness and generosity - Fondation I\u00c9SEG<\/title>\n<meta name=\"robots\" content=\"index, follow, max-snippet:-1, max-image-preview:large, max-video-preview:-1\" \/>\n<link rel=\"canonical\" href=\"https:\/\/fondation.ieseg.fr\/en\/2026-new-years-eve-the-ieseg-foundation-celebrates-boldness-and-generosity\/\" \/>\n<meta property=\"og:locale\" content=\"en_US\" \/>\n<meta property=\"og:type\" content=\"article\" \/>\n<meta property=\"og:title\" content=\"2026 New Year&#039;s Eve: the I\u00c9SEG Foundation celebrates boldness and generosity - Fondation I\u00c9SEG\" \/>\n<meta property=\"og:description\" content=\"On January 13th, the I\u00c9SEG Foundation brought together over 120 participants on the Paris-La D\u00e9fense campus for its annual New Year&#8217;s Eve event: donors, students, partners, and collaborators gathered to celebrate together the generosity and collective spirit that drive the I\u00c9SEG Foundation. 140 scholarships to support equal opportunities This new edition of the Vows allowed [&hellip;]\" \/>\n<meta property=\"og:url\" content=\"https:\/\/fondation.ieseg.fr\/en\/2026-new-years-eve-the-ieseg-foundation-celebrates-boldness-and-generosity\/\" \/>\n<meta property=\"og:site_name\" content=\"Fondation I\u00c9SEG\" \/>\n<meta property=\"article:published_time\" content=\"2026-01-14T14:43:36+00:00\" \/>\n<meta property=\"article:modified_time\" content=\"2026-02-17T10:48:01+00:00\" \/>\n<meta property=\"og:image\" content=\"https:\/\/fondation.ieseg.fr\/wp-content\/uploads\/sites\/16\/2025\/01\/13012026-RDDC0339-scaled.jpg\" \/>\n\t<meta property=\"og:image:width\" content=\"2560\" \/>\n\t<meta property=\"og:image:height\" content=\"1707\" \/>\n\t<meta property=\"og:image:type\" content=\"image\/jpeg\" \/>\n<meta name=\"author\" content=\"annadelanoe\" \/>\n<meta name=\"twitter:card\" content=\"summary\" \/>\n<meta name=\"twitter:label1\" content=\"Written by\" \/>\n\t<meta name=\"twitter:data1\" content=\"annadelanoe\" \/>\n\t<meta name=\"twitter:label2\" content=\"Est. reading time\" \/>\n\t<meta name=\"twitter:data2\" content=\"2 minutes\" \/>\n<script type=\"application\/ld+json\" class=\"yoast-schema-graph\">{\"@context\":\"https:\/\/schema.org\",\"@graph\":[{\"@type\":\"WebSite\",\"@id\":\"https:\/\/fondation.ieseg.fr\/#website\",\"url\":\"https:\/\/fondation.ieseg.fr\/\",\"name\":\"Fondation I\u00c9SEG\",\"description\":\"\",\"potentialAction\":[{\"@type\":\"SearchAction\",\"target\":{\"@type\":\"EntryPoint\",\"urlTemplate\":\"https:\/\/fondation.ieseg.fr\/?s={search_term_string}\"},\"query-input\":\"required name=search_term_string\"}],\"inLanguage\":\"en-US\"},{\"@type\":\"ImageObject\",\"inLanguage\":\"en-US\",\"@id\":\"https:\/\/fondation.ieseg.fr\/en\/2026-new-years-eve-the-ieseg-foundation-celebrates-boldness-and-generosity\/#primaryimage\",\"url\":\"https:\/\/fondation.ieseg.fr\/wp-content\/uploads\/sites\/16\/2025\/01\/13012026-RDDC0339-scaled.jpg\",\"contentUrl\":\"https:\/\/fondation.ieseg.fr\/wp-content\/uploads\/sites\/16\/2025\/01\/13012026-RDDC0339-scaled.jpg\",\"width\":2560,\"height\":1707},{\"@type\":\"WebPage\",\"@id\":\"https:\/\/fondation.ieseg.fr\/en\/2026-new-years-eve-the-ieseg-foundation-celebrates-boldness-and-generosity\/#webpage\",\"url\":\"https:\/\/fondation.ieseg.fr\/en\/2026-new-years-eve-the-ieseg-foundation-celebrates-boldness-and-generosity\/\",\"name\":\"2026 New Year's Eve: the I\u00c9SEG Foundation celebrates boldness and generosity - Fondation I\u00c9SEG\",\"isPartOf\":{\"@id\":\"https:\/\/fondation.ieseg.fr\/#website\"},\"primaryImageOfPage\":{\"@id\":\"https:\/\/fondation.ieseg.fr\/en\/2026-new-years-eve-the-ieseg-foundation-celebrates-boldness-and-generosity\/#primaryimage\"},\"datePublished\":\"2026-01-14T14:43:36+00:00\",\"dateModified\":\"2026-02-17T10:48:01+00:00\",\"author\":{\"@id\":\"https:\/\/fondation.ieseg.fr\/#\/schema\/person\/b64708c0f728dfbd1052419139688081\"},\"breadcrumb\":{\"@id\":\"https:\/\/fondation.ieseg.fr\/en\/2026-new-years-eve-the-ieseg-foundation-celebrates-boldness-and-generosity\/#breadcrumb\"},\"inLanguage\":\"en-US\",\"potentialAction\":[{\"@type\":\"ReadAction\",\"target\":[\"https:\/\/fondation.ieseg.fr\/en\/2026-new-years-eve-the-ieseg-foundation-celebrates-boldness-and-generosity\/\"]}]},{\"@type\":\"BreadcrumbList\",\"@id\":\"https:\/\/fondation.ieseg.fr\/en\/2026-new-years-eve-the-ieseg-foundation-celebrates-boldness-and-generosity\/#breadcrumb\",\"itemListElement\":[{\"@type\":\"ListItem\",\"position\":1,\"name\":\"Fondation I\u00c9SEG\",\"item\":\"https:\/\/fondation.ieseg.fr\/\"},{\"@type\":\"ListItem\",\"position\":2,\"name\":\"2026 New Year&rsquo;s Eve: the I\u00c9SEG Foundation celebrates boldness and generosity\"}]},{\"@type\":\"Person\",\"@id\":\"https:\/\/fondation.ieseg.fr\/#\/schema\/person\/b64708c0f728dfbd1052419139688081\",\"name\":\"annadelanoe\",\"image\":{\"@type\":\"ImageObject\",\"inLanguage\":\"en-US\",\"@id\":\"https:\/\/fondation.ieseg.fr\/#\/schema\/person\/image\/\",\"url\":\"https:\/\/secure.gravatar.com\/avatar\/ab09902c865264d8547f1f59617811f3?s=96&d=mm&r=g\",\"contentUrl\":\"https:\/\/secure.gravatar.com\/avatar\/ab09902c865264d8547f1f59617811f3?s=96&d=mm&r=g\",\"caption\":\"annadelanoe\"},\"url\":\"https:\/\/fondation.ieseg.fr\/en\/author\/annadelanoe\/\"}]}<\/script>\n<!-- \/ Yoast SEO plugin. -->","yoast_head_json":{"title":"2026 New Year's Eve: the I\u00c9SEG Foundation celebrates boldness and generosity - Fondation I\u00c9SEG","robots":{"index":"index","follow":"follow","max-snippet":"max-snippet:-1","max-image-preview":"max-image-preview:large","max-video-preview":"max-video-preview:-1"},"canonical":"https:\/\/fondation.ieseg.fr\/en\/2026-new-years-eve-the-ieseg-foundation-celebrates-boldness-and-generosity\/","og_locale":"en_US","og_type":"article","og_title":"2026 New Year's Eve: the I\u00c9SEG Foundation celebrates boldness and generosity - Fondation I\u00c9SEG","og_description":"On January 13th, the I\u00c9SEG Foundation brought together over 120 participants on the Paris-La D\u00e9fense campus for its annual New Year&#8217;s Eve event: donors, students, partners, and collaborators gathered to celebrate together the generosity and collective spirit that drive the I\u00c9SEG Foundation. 140 scholarships to support equal opportunities This new edition of the Vows allowed [&hellip;]","og_url":"https:\/\/fondation.ieseg.fr\/en\/2026-new-years-eve-the-ieseg-foundation-celebrates-boldness-and-generosity\/","og_site_name":"Fondation I\u00c9SEG","article_published_time":"2026-01-14T14:43:36+00:00","article_modified_time":"2026-02-17T10:48:01+00:00","og_image":[{"width":2560,"height":1707,"url":"https:\/\/fondation.ieseg.fr\/wp-content\/uploads\/sites\/16\/2025\/01\/13012026-RDDC0339-scaled.jpg","type":"image\/jpeg"}],"author":"annadelanoe","twitter_card":"summary","twitter_misc":{"Written by":"annadelanoe","Est. reading time":"2 minutes"},"schema":{"@context":"https:\/\/schema.org","@graph":[{"@type":"WebSite","@id":"https:\/\/fondation.ieseg.fr\/#website","url":"https:\/\/fondation.ieseg.fr\/","name":"Fondation I\u00c9SEG","description":"","potentialAction":[{"@type":"SearchAction","target":{"@type":"EntryPoint","urlTemplate":"https:\/\/fondation.ieseg.fr\/?s={search_term_string}"},"query-input":"required name=search_term_string"}],"inLanguage":"en-US"},{"@type":"ImageObject","inLanguage":"en-US","@id":"https:\/\/fondation.ieseg.fr\/en\/2026-new-years-eve-the-ieseg-foundation-celebrates-boldness-and-generosity\/#primaryimage","url":"https:\/\/fondation.ieseg.fr\/wp-content\/uploads\/sites\/16\/2025\/01\/13012026-RDDC0339-scaled.jpg","contentUrl":"https:\/\/fondation.ieseg.fr\/wp-content\/uploads\/sites\/16\/2025\/01\/13012026-RDDC0339-scaled.jpg","width":2560,"height":1707},{"@type":"WebPage","@id":"https:\/\/fondation.ieseg.fr\/en\/2026-new-years-eve-the-ieseg-foundation-celebrates-boldness-and-generosity\/#webpage","url":"https:\/\/fondation.ieseg.fr\/en\/2026-new-years-eve-the-ieseg-foundation-celebrates-boldness-and-generosity\/","name":"2026 New Year's Eve: the I\u00c9SEG Foundation celebrates boldness and generosity - Fondation I\u00c9SEG","isPartOf":{"@id":"https:\/\/fondation.ieseg.fr\/#website"},"primaryImageOfPage":{"@id":"https:\/\/fondation.ieseg.fr\/en\/2026-new-years-eve-the-ieseg-foundation-celebrates-boldness-and-generosity\/#primaryimage"},"datePublished":"2026-01-14T14:43:36+00:00","dateModified":"2026-02-17T10:48:01+00:00","author":{"@id":"https:\/\/fondation.ieseg.fr\/#\/schema\/person\/b64708c0f728dfbd1052419139688081"},"breadcrumb":{"@id":"https:\/\/fondation.ieseg.fr\/en\/2026-new-years-eve-the-ieseg-foundation-celebrates-boldness-and-generosity\/#breadcrumb"},"inLanguage":"en-US","potentialAction":[{"@type":"ReadAction","target":["https:\/\/fondation.ieseg.fr\/en\/2026-new-years-eve-the-ieseg-foundation-celebrates-boldness-and-generosity\/"]}]},{"@type":"BreadcrumbList","@id":"https:\/\/fondation.ieseg.fr\/en\/2026-new-years-eve-the-ieseg-foundation-celebrates-boldness-and-generosity\/#breadcrumb","itemListElement":[{"@type":"ListItem","position":1,"name":"Fondation I\u00c9SEG","item":"https:\/\/fondation.ieseg.fr\/"},{"@type":"ListItem","position":2,"name":"2026 New Year&rsquo;s Eve: the I\u00c9SEG Foundation celebrates boldness and generosity"}]},{"@type":"Person","@id":"https:\/\/fondation.ieseg.fr\/#\/schema\/person\/b64708c0f728dfbd1052419139688081","name":"annadelanoe","image":{"@type":"ImageObject","inLanguage":"en-US","@id":"https:\/\/fondation.ieseg.fr\/#\/schema\/person\/image\/","url":"https:\/\/secure.gravatar.com\/avatar\/ab09902c865264d8547f1f59617811f3?s=96&d=mm&r=g","contentUrl":"https:\/\/secure.gravatar.com\/avatar\/ab09902c865264d8547f1f59617811f3?s=96&d=mm&r=g","caption":"annadelanoe"},"url":"https:\/\/fondation.ieseg.fr\/en\/author\/annadelanoe\/"}]}},"_links":{"self":[{"href":"https:\/\/fondation.ieseg.fr\/en\/wp-json\/wp\/v2\/posts\/710"}],"collection":[{"href":"https:\/\/fondation.ieseg.fr\/en\/wp-json\/wp\/v2\/posts"}],"about":[{"href":"https:\/\/fondation.ieseg.fr\/en\/wp-json\/wp\/v2\/types\/post"}],"author":[{"embeddable":true,"href":"https:\/\/fondation.ieseg.fr\/en\/wp-json\/wp\/v2\/users\/4589"}],"replies":[{"embeddable":true,"href":"https:\/\/fondation.ieseg.fr\/en\/wp-json\/wp\/v2\/comments?post=710"}],"version-history":[{"count":1,"href":"https:\/\/fondation.ieseg.fr\/en\/wp-json\/wp\/v2\/posts\/710\/revisions"}],"predecessor-version":[{"id":711,"href":"https:\/\/fondation.ieseg.fr\/en\/wp-json\/wp\/v2\/posts\/710\/revisions\/711"}],"wp:featuredmedia":[{"embeddable":true,"href":"https:\/\/fondation.ieseg.fr\/en\/wp-json\/wp\/v2\/media\/666"}],"wp:attachment":[{"href":"https:\/\/fondation.ieseg.fr\/en\/wp-json\/wp\/v2\/media?parent=710"}],"wp:term":[{"taxonomy":"category","embeddable":true,"href":"https:\/\/fondation.ieseg.fr\/en\/wp-json\/wp\/v2\/categories?post=710"},{"taxonomy":"post_tag","embeddable":true,"href":"https:\/\/fondation.ieseg.fr\/en\/wp-json\/wp\/v2\/tags?post=710"}],"curies":[{"name":"wp","href":"https:\/\/api.w.org\/{rel}","templated":true}]}}