{"id":704,"date":"2026-02-09T16:10:53","date_gmt":"2026-02-09T15:10:53","guid":{"rendered":"https:\/\/fondation.ieseg.fr\/?p=704"},"modified":"2026-02-17T11:40:08","modified_gmt":"2026-02-17T10:40:08","slug":"the-boulanger-foundation-and-the-ieseg-foundation-work-against-digital-insecurity","status":"publish","type":"post","link":"https:\/\/fondation.ieseg.fr\/en\/the-boulanger-foundation-and-the-ieseg-foundation-work-against-digital-insecurity\/","title":{"rendered":"The Boulanger Foundation and the I\u00c9SEG Foundation work against digital insecurity"},"content":{"rendered":"<p><span class=\"inline cursor-pointer rounded-sm transition-all duration-200 hover:bg-primary\/30 hover:ring-4 hover:ring-primary\/30\" data-state=\"closed\" data-slot=\"popover-trigger\">The Boulanger Foundation renews its commitment alongside the I\u00c9SEG Foundation through an in-kind donation of 60 computers intended for all students of the School facing digital hardship.<\/span><br \/>\n<span class=\"inline cursor-pointer rounded-sm transition-all duration-200 hover:bg-primary\/30 hover:ring-4 hover:ring-primary\/30\" data-state=\"closed\" data-slot=\"popover-trigger\">Based on shared values of solidarity and social responsibility, it allows transforming a material donation into a concrete and lasting impact.<\/span><br \/>\n<span class=\"TextRun SCXW243898366 BCX0\" lang=\"FR-FR\" xml:lang=\"FR-FR\" data-contrast=\"none\"><span class=\"NormalTextRun SCXW243898366 BCX0\" data-ccp-charstyle=\"normaltextrun\"><img loading=\"lazy\" class=\"size-medium wp-image-694 alignright\" src=\"https:\/\/fondation.ieseg.fr\/wp-content\/uploads\/sites\/16\/2026\/02\/1770648795329-200x300.jpg\" alt=\"\" width=\"200\" height=\"300\" srcset=\"https:\/\/fondation.ieseg.fr\/wp-content\/uploads\/sites\/16\/2026\/02\/1770648795329-200x300.jpg 200w, https:\/\/fondation.ieseg.fr\/wp-content\/uploads\/sites\/16\/2026\/02\/1770648795329-683x1024.jpg 683w, https:\/\/fondation.ieseg.fr\/wp-content\/uploads\/sites\/16\/2026\/02\/1770648795329-768x1151.jpg 768w, https:\/\/fondation.ieseg.fr\/wp-content\/uploads\/sites\/16\/2026\/02\/1770648795329-1025x1536.jpg 1025w, https:\/\/fondation.ieseg.fr\/wp-content\/uploads\/sites\/16\/2026\/02\/1770648795329.jpg 1280w\" sizes=\"(max-width: 200px) 100vw, 200px\" \/><br \/>\n<\/span><\/span><\/p>\n<p>As emphasized by St\u00e9phan R\u00e9, Executive Director of the Boulanger Foundation:<\/p>\n<p><i><span data-contrast=\"none\"><img loading=\"lazy\" class=\"alignleft wp-image-628 size-thumbnail\" src=\"https:\/\/fondation.ieseg.fr\/wp-content\/uploads\/sites\/16\/2026\/01\/stephane-re-150x150.jpg\" alt=\"\" width=\"150\" height=\"150\" srcset=\"https:\/\/fondation.ieseg.fr\/wp-content\/uploads\/sites\/16\/2026\/01\/stephane-re-150x150.jpg 150w, https:\/\/fondation.ieseg.fr\/wp-content\/uploads\/sites\/16\/2026\/01\/stephane-re.jpg 418w\" sizes=\"(max-width: 150px) 100vw, 150px\" \/><\/span><\/i><\/p>\n<blockquote><p><span class=\"inline cursor-pointer rounded-sm transition-all duration-200 hover:bg-primary\/30 hover:ring-4 hover:ring-primary\/30\" data-state=\"closed\" data-slot=\"popover-trigger\">&#8220;Our approach is guided by our purpose: to connect women and men with each other and with their full potential, through human encounters and technology.<\/span> <span class=\"inline cursor-pointer rounded-sm transition-all duration-200 hover:bg-primary\/30 hover:ring-4 hover:ring-primary\/30\" data-state=\"closed\" data-slot=\"popover-trigger\">This guiding principle directs all our actions and has led us to establish a strong partnership with the I\u00c9SEG Foundation.&#8221;<\/span><\/p><\/blockquote>\n<p><span class=\"inline cursor-pointer rounded-sm transition-all duration-200 hover:bg-primary\/30 hover:ring-4 hover:ring-primary\/30\" data-state=\"closed\" data-slot=\"popover-trigger\">The Boulanger Foundation and the I\u00c9SEG Foundation work together to make a real difference in the lives of young people.<\/span> <span class=\"inline cursor-pointer rounded-sm transition-all duration-200 hover:bg-primary\/30 hover:ring-4 hover:ring-primary\/30\" data-state=\"closed\" data-slot=\"popover-trigger\">This donation of computers provides them with essential access to independence and professional integration, giving them the tools they need to succeed in their studies and build their future.<\/span><\/p>\n","protected":false},"excerpt":{"rendered":"<p>The Boulanger Foundation renews its commitment alongside the I\u00c9SEG Foundation through an in-kind donation of 60 computers intended for all students of the School facing digital hardship. Based on shared values of solidarity and social responsibility, it allows transforming a material donation into a concrete and lasting impact. As emphasized by St\u00e9phan R\u00e9, Executive Director [&hellip;]<\/p>\n","protected":false},"author":4589,"featured_media":684,"comment_status":"open","ping_status":"open","sticky":false,"template":"","format":"standard","meta":[],"categories":[2],"tags":[],"yoast_head":"<!-- This site is optimized with the Yoast SEO plugin v19.2 - https:\/\/yoast.com\/wordpress\/plugins\/seo\/ -->\n<title>The Boulanger Foundation and the I\u00c9SEG Foundation work against digital insecurity - Fondation I\u00c9SEG<\/title>\n<meta name=\"robots\" content=\"index, follow, max-snippet:-1, max-image-preview:large, max-video-preview:-1\" \/>\n<link rel=\"canonical\" href=\"https:\/\/fondation.ieseg.fr\/en\/the-boulanger-foundation-and-the-ieseg-foundation-work-against-digital-insecurity\/\" \/>\n<meta property=\"og:locale\" content=\"en_US\" \/>\n<meta property=\"og:type\" content=\"article\" \/>\n<meta property=\"og:title\" content=\"The Boulanger Foundation and the I\u00c9SEG Foundation work against digital insecurity - Fondation I\u00c9SEG\" \/>\n<meta property=\"og:description\" content=\"The Boulanger Foundation renews its commitment alongside the I\u00c9SEG Foundation through an in-kind donation of 60 computers intended for all students of the School facing digital hardship. Based on shared values of solidarity and social responsibility, it allows transforming a material donation into a concrete and lasting impact. As emphasized by St\u00e9phan R\u00e9, Executive Director [&hellip;]\" \/>\n<meta property=\"og:url\" content=\"https:\/\/fondation.ieseg.fr\/en\/the-boulanger-foundation-and-the-ieseg-foundation-work-against-digital-insecurity\/\" \/>\n<meta property=\"og:site_name\" content=\"Fondation I\u00c9SEG\" \/>\n<meta property=\"article:published_time\" content=\"2026-02-09T15:10:53+00:00\" \/>\n<meta property=\"article:modified_time\" content=\"2026-02-17T10:40:08+00:00\" \/>\n<meta property=\"og:image\" content=\"https:\/\/fondation.ieseg.fr\/wp-content\/uploads\/sites\/16\/2026\/02\/d384351550aaa69004d09fc3d32a97c0.jpg\" \/>\n\t<meta property=\"og:image:width\" content=\"2048\" \/>\n\t<meta property=\"og:image:height\" content=\"1365\" \/>\n\t<meta property=\"og:image:type\" content=\"image\/jpeg\" \/>\n<meta name=\"author\" content=\"annadelanoe\" \/>\n<meta name=\"twitter:card\" content=\"summary\" \/>\n<meta name=\"twitter:label1\" content=\"Written by\" \/>\n\t<meta name=\"twitter:data1\" content=\"annadelanoe\" \/>\n\t<meta name=\"twitter:label2\" content=\"Est. reading time\" \/>\n\t<meta name=\"twitter:data2\" content=\"1 minute\" \/>\n<script type=\"application\/ld+json\" class=\"yoast-schema-graph\">{\"@context\":\"https:\/\/schema.org\",\"@graph\":[{\"@type\":\"WebSite\",\"@id\":\"https:\/\/fondation.ieseg.fr\/#website\",\"url\":\"https:\/\/fondation.ieseg.fr\/\",\"name\":\"Fondation I\u00c9SEG\",\"description\":\"\",\"potentialAction\":[{\"@type\":\"SearchAction\",\"target\":{\"@type\":\"EntryPoint\",\"urlTemplate\":\"https:\/\/fondation.ieseg.fr\/?s={search_term_string}\"},\"query-input\":\"required name=search_term_string\"}],\"inLanguage\":\"en-US\"},{\"@type\":\"ImageObject\",\"inLanguage\":\"en-US\",\"@id\":\"https:\/\/fondation.ieseg.fr\/en\/the-boulanger-foundation-and-the-ieseg-foundation-work-against-digital-insecurity\/#primaryimage\",\"url\":\"https:\/\/fondation.ieseg.fr\/wp-content\/uploads\/sites\/16\/2026\/02\/d384351550aaa69004d09fc3d32a97c0.jpg\",\"contentUrl\":\"https:\/\/fondation.ieseg.fr\/wp-content\/uploads\/sites\/16\/2026\/02\/d384351550aaa69004d09fc3d32a97c0.jpg\",\"width\":2048,\"height\":1365},{\"@type\":\"WebPage\",\"@id\":\"https:\/\/fondation.ieseg.fr\/en\/the-boulanger-foundation-and-the-ieseg-foundation-work-against-digital-insecurity\/#webpage\",\"url\":\"https:\/\/fondation.ieseg.fr\/en\/the-boulanger-foundation-and-the-ieseg-foundation-work-against-digital-insecurity\/\",\"name\":\"The Boulanger Foundation and the I\u00c9SEG Foundation work against digital insecurity - Fondation I\u00c9SEG\",\"isPartOf\":{\"@id\":\"https:\/\/fondation.ieseg.fr\/#website\"},\"primaryImageOfPage\":{\"@id\":\"https:\/\/fondation.ieseg.fr\/en\/the-boulanger-foundation-and-the-ieseg-foundation-work-against-digital-insecurity\/#primaryimage\"},\"datePublished\":\"2026-02-09T15:10:53+00:00\",\"dateModified\":\"2026-02-17T10:40:08+00:00\",\"author\":{\"@id\":\"https:\/\/fondation.ieseg.fr\/#\/schema\/person\/b64708c0f728dfbd1052419139688081\"},\"breadcrumb\":{\"@id\":\"https:\/\/fondation.ieseg.fr\/en\/the-boulanger-foundation-and-the-ieseg-foundation-work-against-digital-insecurity\/#breadcrumb\"},\"inLanguage\":\"en-US\",\"potentialAction\":[{\"@type\":\"ReadAction\",\"target\":[\"https:\/\/fondation.ieseg.fr\/en\/the-boulanger-foundation-and-the-ieseg-foundation-work-against-digital-insecurity\/\"]}]},{\"@type\":\"BreadcrumbList\",\"@id\":\"https:\/\/fondation.ieseg.fr\/en\/the-boulanger-foundation-and-the-ieseg-foundation-work-against-digital-insecurity\/#breadcrumb\",\"itemListElement\":[{\"@type\":\"ListItem\",\"position\":1,\"name\":\"Fondation I\u00c9SEG\",\"item\":\"https:\/\/fondation.ieseg.fr\/\"},{\"@type\":\"ListItem\",\"position\":2,\"name\":\"The Boulanger Foundation and the I\u00c9SEG Foundation work against digital insecurity\"}]},{\"@type\":\"Person\",\"@id\":\"https:\/\/fondation.ieseg.fr\/#\/schema\/person\/b64708c0f728dfbd1052419139688081\",\"name\":\"annadelanoe\",\"image\":{\"@type\":\"ImageObject\",\"inLanguage\":\"en-US\",\"@id\":\"https:\/\/fondation.ieseg.fr\/#\/schema\/person\/image\/\",\"url\":\"https:\/\/secure.gravatar.com\/avatar\/ab09902c865264d8547f1f59617811f3?s=96&d=mm&r=g\",\"contentUrl\":\"https:\/\/secure.gravatar.com\/avatar\/ab09902c865264d8547f1f59617811f3?s=96&d=mm&r=g\",\"caption\":\"annadelanoe\"},\"url\":\"https:\/\/fondation.ieseg.fr\/en\/author\/annadelanoe\/\"}]}<\/script>\n<!-- \/ Yoast SEO plugin. -->","yoast_head_json":{"title":"The Boulanger Foundation and the I\u00c9SEG Foundation work against digital insecurity - Fondation I\u00c9SEG","robots":{"index":"index","follow":"follow","max-snippet":"max-snippet:-1","max-image-preview":"max-image-preview:large","max-video-preview":"max-video-preview:-1"},"canonical":"https:\/\/fondation.ieseg.fr\/en\/the-boulanger-foundation-and-the-ieseg-foundation-work-against-digital-insecurity\/","og_locale":"en_US","og_type":"article","og_title":"The Boulanger Foundation and the I\u00c9SEG Foundation work against digital insecurity - Fondation I\u00c9SEG","og_description":"The Boulanger Foundation renews its commitment alongside the I\u00c9SEG Foundation through an in-kind donation of 60 computers intended for all students of the School facing digital hardship. Based on shared values of solidarity and social responsibility, it allows transforming a material donation into a concrete and lasting impact. As emphasized by St\u00e9phan R\u00e9, Executive Director [&hellip;]","og_url":"https:\/\/fondation.ieseg.fr\/en\/the-boulanger-foundation-and-the-ieseg-foundation-work-against-digital-insecurity\/","og_site_name":"Fondation I\u00c9SEG","article_published_time":"2026-02-09T15:10:53+00:00","article_modified_time":"2026-02-17T10:40:08+00:00","og_image":[{"width":2048,"height":1365,"url":"https:\/\/fondation.ieseg.fr\/wp-content\/uploads\/sites\/16\/2026\/02\/d384351550aaa69004d09fc3d32a97c0.jpg","type":"image\/jpeg"}],"author":"annadelanoe","twitter_card":"summary","twitter_misc":{"Written by":"annadelanoe","Est. reading time":"1 minute"},"schema":{"@context":"https:\/\/schema.org","@graph":[{"@type":"WebSite","@id":"https:\/\/fondation.ieseg.fr\/#website","url":"https:\/\/fondation.ieseg.fr\/","name":"Fondation I\u00c9SEG","description":"","potentialAction":[{"@type":"SearchAction","target":{"@type":"EntryPoint","urlTemplate":"https:\/\/fondation.ieseg.fr\/?s={search_term_string}"},"query-input":"required name=search_term_string"}],"inLanguage":"en-US"},{"@type":"ImageObject","inLanguage":"en-US","@id":"https:\/\/fondation.ieseg.fr\/en\/the-boulanger-foundation-and-the-ieseg-foundation-work-against-digital-insecurity\/#primaryimage","url":"https:\/\/fondation.ieseg.fr\/wp-content\/uploads\/sites\/16\/2026\/02\/d384351550aaa69004d09fc3d32a97c0.jpg","contentUrl":"https:\/\/fondation.ieseg.fr\/wp-content\/uploads\/sites\/16\/2026\/02\/d384351550aaa69004d09fc3d32a97c0.jpg","width":2048,"height":1365},{"@type":"WebPage","@id":"https:\/\/fondation.ieseg.fr\/en\/the-boulanger-foundation-and-the-ieseg-foundation-work-against-digital-insecurity\/#webpage","url":"https:\/\/fondation.ieseg.fr\/en\/the-boulanger-foundation-and-the-ieseg-foundation-work-against-digital-insecurity\/","name":"The Boulanger Foundation and the I\u00c9SEG Foundation work against digital insecurity - Fondation I\u00c9SEG","isPartOf":{"@id":"https:\/\/fondation.ieseg.fr\/#website"},"primaryImageOfPage":{"@id":"https:\/\/fondation.ieseg.fr\/en\/the-boulanger-foundation-and-the-ieseg-foundation-work-against-digital-insecurity\/#primaryimage"},"datePublished":"2026-02-09T15:10:53+00:00","dateModified":"2026-02-17T10:40:08+00:00","author":{"@id":"https:\/\/fondation.ieseg.fr\/#\/schema\/person\/b64708c0f728dfbd1052419139688081"},"breadcrumb":{"@id":"https:\/\/fondation.ieseg.fr\/en\/the-boulanger-foundation-and-the-ieseg-foundation-work-against-digital-insecurity\/#breadcrumb"},"inLanguage":"en-US","potentialAction":[{"@type":"ReadAction","target":["https:\/\/fondation.ieseg.fr\/en\/the-boulanger-foundation-and-the-ieseg-foundation-work-against-digital-insecurity\/"]}]},{"@type":"BreadcrumbList","@id":"https:\/\/fondation.ieseg.fr\/en\/the-boulanger-foundation-and-the-ieseg-foundation-work-against-digital-insecurity\/#breadcrumb","itemListElement":[{"@type":"ListItem","position":1,"name":"Fondation I\u00c9SEG","item":"https:\/\/fondation.ieseg.fr\/"},{"@type":"ListItem","position":2,"name":"The Boulanger Foundation and the I\u00c9SEG Foundation work against digital insecurity"}]},{"@type":"Person","@id":"https:\/\/fondation.ieseg.fr\/#\/schema\/person\/b64708c0f728dfbd1052419139688081","name":"annadelanoe","image":{"@type":"ImageObject","inLanguage":"en-US","@id":"https:\/\/fondation.ieseg.fr\/#\/schema\/person\/image\/","url":"https:\/\/secure.gravatar.com\/avatar\/ab09902c865264d8547f1f59617811f3?s=96&d=mm&r=g","contentUrl":"https:\/\/secure.gravatar.com\/avatar\/ab09902c865264d8547f1f59617811f3?s=96&d=mm&r=g","caption":"annadelanoe"},"url":"https:\/\/fondation.ieseg.fr\/en\/author\/annadelanoe\/"}]}},"_links":{"self":[{"href":"https:\/\/fondation.ieseg.fr\/en\/wp-json\/wp\/v2\/posts\/704"}],"collection":[{"href":"https:\/\/fondation.ieseg.fr\/en\/wp-json\/wp\/v2\/posts"}],"about":[{"href":"https:\/\/fondation.ieseg.fr\/en\/wp-json\/wp\/v2\/types\/post"}],"author":[{"embeddable":true,"href":"https:\/\/fondation.ieseg.fr\/en\/wp-json\/wp\/v2\/users\/4589"}],"replies":[{"embeddable":true,"href":"https:\/\/fondation.ieseg.fr\/en\/wp-json\/wp\/v2\/comments?post=704"}],"version-history":[{"count":1,"href":"https:\/\/fondation.ieseg.fr\/en\/wp-json\/wp\/v2\/posts\/704\/revisions"}],"predecessor-version":[{"id":705,"href":"https:\/\/fondation.ieseg.fr\/en\/wp-json\/wp\/v2\/posts\/704\/revisions\/705"}],"wp:featuredmedia":[{"embeddable":true,"href":"https:\/\/fondation.ieseg.fr\/en\/wp-json\/wp\/v2\/media\/684"}],"wp:attachment":[{"href":"https:\/\/fondation.ieseg.fr\/en\/wp-json\/wp\/v2\/media?parent=704"}],"wp:term":[{"taxonomy":"category","embeddable":true,"href":"https:\/\/fondation.ieseg.fr\/en\/wp-json\/wp\/v2\/categories?post=704"},{"taxonomy":"post_tag","embeddable":true,"href":"https:\/\/fondation.ieseg.fr\/en\/wp-json\/wp\/v2\/tags?post=704"}],"curies":[{"name":"wp","href":"https:\/\/api.w.org\/{rel}","templated":true}]}}